{"id":4665,"date":"2025-08-08T12:20:28","date_gmt":"2025-08-08T12:20:28","guid":{"rendered":"https:\/\/www.dgpu.org\/?p=4665"},"modified":"2025-08-08T12:20:28","modified_gmt":"2025-08-08T12:20:28","slug":"la-delegation-generale-a-la-promotion-des-poles-urbains-de-diamniadio-et-du-lac-rose-a-tenu-la-4e-edition-de-la-journee-de-verdissement-du-pole-urbain-de-diamniadio-ce-mercredi-6-aout-2025-cette-acti","status":"publish","type":"post","link":"https:\/\/www.dgpu.org\/en\/la-delegation-generale-a-la-promotion-des-poles-urbains-de-diamniadio-et-du-lac-rose-a-tenu-la-4e-edition-de-la-journee-de-verdissement-du-pole-urbain-de-diamniadio-ce-mercredi-6-aout-2025-cette-acti\/","title":{"rendered":"La D\u00e9l\u00e9gation g\u00e9n\u00e9rale \u00e0 la promotion des P\u00f4les urbains de Diamniadio et du Lac Rose a tenu la 4e \u00e9dition de la journ\u00e9e de verdissement du P\u00f4le urbain de Diamniadio ce mercredi 6 Ao\u00fbt 2025. Cette activit\u00e9 s\u2019inscrit en droite ligne avec le respect des exigences de d\u00e9veloppement de la ville nouvelle de Diamniadio qui est construit sur le concept de ville verte et durable. Conscient de l\u2019importance de la nature dans la ville, le p\u00f4le urbain de Diamniadio dispose dans son plan d\u2019am\u00e9nagement de 230 ha d\u2019espaces verts r\u00e9partis \u00e0 travers des parcs et des corridors \u00e9cologiques pour favoriser la biodiversit\u00e9. Prenant la parole le d\u00e9l\u00e9gu\u00e9 g\u00e9n\u00e9ral affirme que la DGPU s\u2019est engag\u00e9e \u00e0 b\u00e2tir des villes vertes, r\u00e9silientes et souveraines conform\u00e9ment \u00e0 la \u00ab Vision 2050 \u00bb o\u00f9 l\u2019urbanisme s\u2019allie avec le bien-\u00eatre des populations. Cette ann\u00e9e, elle entend planter 5000 arbres tout au long de l\u2019hivernage sur toute l\u2019\u00e9tendue du P\u00f4le \u00bb."},"content":{"rendered":"<figure class=\"wp-block-embed is-type-video is-provider-youtube wp-block-embed-youtube wp-embed-aspect-16-9 wp-has-aspect-ratio\"><div class=\"wp-block-embed__wrapper\">\n<iframe title=\"4e \u00e9dition de la journ\u00e9e de verdissement du P\u00f4le urbain de Diamniadio ce mercredi 6 Ao\u00fbt 2025\" width=\"500\" height=\"281\" src=\"https:\/\/www.youtube.com\/embed\/zK7fslKdcC0?feature=oembed\" frameborder=\"0\" allow=\"accelerometer; autoplay; clipboard-write; encrypted-media; gyroscope; picture-in-picture; web-share\" referrerpolicy=\"strict-origin-when-cross-origin\" allowfullscreen><\/iframe>\n<\/div><\/figure>\n\n\n\n\n\n\n\n\n\n<figure class=\"wp-block-gallery has-nested-images columns-default is-cropped wp-block-gallery-1 is-layout-flex wp-block-gallery-is-layout-flex\"><\/figure>\n\n\n\n\n<p>\n\n\n<\/p>\n<p>Pour cette \u00e9dition, le th\u00e8me retenu est le \u00ab Reboisement, Souverainet\u00e9 alimentaire et D\u00e9veloppement territorial durable \u00bb.<\/p>\n<p>\n\n\n\n<\/p>\n<p>Au niveau du P\u00f4le urbain de Diamniadio, cette journ\u00e9e est un moment fort de communion entre les acteurs du p\u00f4le au cours de laquelle des centaines d\u2019arbres seront plant\u00e9s le long des grandes art\u00e8res et axes strat\u00e9giques du p\u00f4le urbain, pour r\u00e9pondre aux objectifs de ville durable pour mettre en place un mod\u00e8le de ville attractive et r\u00e9siliente. Il s\u2019agit de cr\u00e9er un cadre de vie agr\u00e9able, attractif et r\u00e9silient qui constitue un enjeu majeur pour l\u2019accueil et le maintien de la population dans le P\u00f4le urbain de Diamniadio.<\/p>\n<p>\n\n\n\n<\/p>\n<p>Au-del\u00e0 des symboliques plantations d\u2019arbres, cette journ\u00e9e a mobilis\u00e9 citoyens, autorit\u00e9s et organisations autour de la restauration des \u00e9cosyst\u00e8mes et la promotion de la r\u00e9silience climatique. Elle s\u2019inscrit dans une dynamique de sensibilisation nationale sur l\u2019urgence environnementale et les solutions locales durables.<\/p>\n<p>\n\n\n\n<\/p>\n<p><br><\/p>\n<p>\n\n\n<\/p>\n\n\n<figure class=\"wp-block-video\"><\/figure>\n\n\n\n<figure class=\"wp-block-video\"><\/figure>","protected":false},"excerpt":{"rendered":"<p>Pour cette \u00e9dition, le th\u00e8me retenu est le \u00ab Reboisement, Souverainet\u00e9 alimentaire et D\u00e9veloppement territorial durable \u00bb. Au niveau du P\u00f4le urbain de Diamniadio, cette journ\u00e9e est un moment fort de communion entre les acteurs du p\u00f4le au cours de laquelle des centaines d\u2019arbres seront plant\u00e9s le long des grandes art\u00e8res et axes strat\u00e9giques du [&hellip;]<\/p>","protected":false},"author":5,"featured_media":0,"comment_status":"open","ping_status":"open","sticky":false,"template":"","format":"standard","meta":{"_monsterinsights_skip_tracking":false,"_monsterinsights_sitenote_active":false,"_monsterinsights_sitenote_note":"","_monsterinsights_sitenote_category":0,"footnotes":""},"categories":[1],"tags":[],"class_list":["post-4665","post","type-post","status-publish","format-standard","hentry","category-uncategorized"],"_links":{"self":[{"href":"https:\/\/www.dgpu.org\/en\/wp-json\/wp\/v2\/posts\/4665","targetHints":{"allow":["GET"]}}],"collection":[{"href":"https:\/\/www.dgpu.org\/en\/wp-json\/wp\/v2\/posts"}],"about":[{"href":"https:\/\/www.dgpu.org\/en\/wp-json\/wp\/v2\/types\/post"}],"author":[{"embeddable":true,"href":"https:\/\/www.dgpu.org\/en\/wp-json\/wp\/v2\/users\/5"}],"replies":[{"embeddable":true,"href":"https:\/\/www.dgpu.org\/en\/wp-json\/wp\/v2\/comments?post=4665"}],"version-history":[{"count":2,"href":"https:\/\/www.dgpu.org\/en\/wp-json\/wp\/v2\/posts\/4665\/revisions"}],"predecessor-version":[{"id":4667,"href":"https:\/\/www.dgpu.org\/en\/wp-json\/wp\/v2\/posts\/4665\/revisions\/4667"}],"wp:attachment":[{"href":"https:\/\/www.dgpu.org\/en\/wp-json\/wp\/v2\/media?parent=4665"}],"wp:term":[{"taxonomy":"category","embeddable":true,"href":"https:\/\/www.dgpu.org\/en\/wp-json\/wp\/v2\/categories?post=4665"},{"taxonomy":"post_tag","embeddable":true,"href":"https:\/\/www.dgpu.org\/en\/wp-json\/wp\/v2\/tags?post=4665"}],"curies":[{"name":"wp","href":"https:\/\/api.w.org\/{rel}","templated":true}]}}