{"id":4546,"date":"2025-01-17T13:16:59","date_gmt":"2025-01-17T13:16:59","guid":{"rendered":"https:\/\/www.dgpu.org\/?p=4546"},"modified":"2025-01-17T13:17:05","modified_gmt":"2025-01-17T13:17:05","slug":"la-ceremonie-de-presentation-des-voeux-du-delegue-general-monsieur-bara-diouf-a-lensemble-du-personnel-de-la-delegation-generale-a-la-promotion-des-poles-urbains-de-diamniadio-et-du-lac-ros","status":"publish","type":"post","link":"https:\/\/www.dgpu.org\/en\/la-ceremonie-de-presentation-des-voeux-du-delegue-general-monsieur-bara-diouf-a-lensemble-du-personnel-de-la-delegation-generale-a-la-promotion-des-poles-urbains-de-diamniadio-et-du-lac-ros\/","title":{"rendered":"La c\u00e9r\u00e9monie de pr\u00e9sentation des v\u0153ux du D\u00e9l\u00e9gu\u00e9 g\u00e9n\u00e9ral, Monsieur Bara Diouf, \u00e0 l\u2019ensemble du personnel de la D\u00e9l\u00e9gation g\u00e9n\u00e9rale \u00e0 la Promotion des P\u00f4les urbains de Diamniadio et du Lac rose (DGPU) s\u2019est tenue avec \u00e9clat et solennit\u00e9. Cet \u00e9v\u00e9nement marque une premi\u00e8re dans l\u2019histoire de cette institution, fond\u00e9e il y a 11 ans et une semaine, pr\u00e9cis\u00e9ment le 4 janvier 2014."},"content":{"rendered":"<div data-elementor-type=\"wp-post\" data-elementor-id=\"4546\" class=\"elementor elementor-4546\" data-elementor-post-type=\"post\">\n\t\t\t\t\t\t<section class=\"elementor-section elementor-top-section elementor-element elementor-element-55ac40e9 elementor-section-boxed elementor-section-height-default elementor-section-height-default\" data-id=\"55ac40e9\" data-element_type=\"section\">\n\t\t\t\t\t\t<div class=\"elementor-container elementor-column-gap-default\">\n\t\t\t\t\t<div class=\"aux-parallax-section elementor-column elementor-col-100 elementor-top-column elementor-element elementor-element-50b0f4d9\" data-id=\"50b0f4d9\" data-element_type=\"column\">\n\t\t\t<div class=\"elementor-widget-wrap elementor-element-populated\">\n\t\t\t\t\t\t<div class=\"elementor-element elementor-element-645694db elementor-widget elementor-widget-text-editor\" data-id=\"645694db\" data-element_type=\"widget\" data-widget_type=\"text-editor.default\">\n\t\t\t\t<div class=\"elementor-widget-container\">\n\t\t\t\t\t\t\t\t\t\n<p>La rencontre a d\u00e9but\u00e9 par les salutations d\u2019usage, suivies des interventions officielles. \u00c0 travers la voix de Monsieur Ababacar Ciss\u00e9, Secr\u00e9taire g\u00e9n\u00e9ral, l\u2019ensemble des services de la DGPU a exprim\u00e9 ses v\u0153ux de sant\u00e9, de bonheur, de r\u00e9ussite et de prosp\u00e9rit\u00e9 \u00e0 l\u2019endroit du D\u00e9l\u00e9gu\u00e9 g\u00e9n\u00e9ral. Monsieur Ciss\u00e9 a tenu \u00e0 souligner le caract\u00e8re in\u00e9dit de cette initiative, qui t\u00e9moigne de la volont\u00e9 du leadership actuel de renforcer les liens humains et professionnels au sein de l\u2019organisation.<\/p>\n\n\n\n<p>Deux repr\u00e9sentants du personnel ont ensuite pris la parole pour adresser leurs remerciements au D\u00e9l\u00e9gu\u00e9 g\u00e9n\u00e9ral. Ils ont formul\u00e9 leurs v\u0153ux de r\u00e9ussite au nom de tous les agents et ont fait des pri\u00e8res pour que la DGPU continue \u00e0 prosp\u00e9rer et \u00e0 accomplir ses missions avec succ\u00e8s. Ces interventions ont \u00e9t\u00e9 empreintes de reconnaissance et de gratitude.<\/p>\n\n\n\n<p>Dans son allocution, Monsieur Bara Diouf, D\u00e9l\u00e9gu\u00e9 g\u00e9n\u00e9ral, a chaleureusement remerci\u00e9 le personnel pour son engagement et son professionnalisme. Il a salu\u00e9 la grande capacit\u00e9 d\u2019adaptation des \u00e9quipes, qui a permis \u00e0 la DGPU d\u2019enregistrer des r\u00e9sultats remarquables en l\u2019espace de sept mois. Parmi les r\u00e9alisations majeures, il a cit\u00e9 la mise en \u0153uvre du plan strat\u00e9gique et l\u2019\u00e9laboration d\u2019un plan de travail annuel, qui structurent d\u00e9sormais les actions de la DGPU.<\/p>\n\n\n\n<p>Monsieur Diouf a \u00e9galement mis en exergue l\u2019augmentation significative du budget, qui a connu une hausse de 80 %. Cette performance, selon lui, repose sur une mobilisation accrue des recettes et un recouvrement plus rigoureux des arri\u00e9r\u00e9s de redevances. Ces progr\u00e8s financiers t\u00e9moignent d\u2019une gestion optimis\u00e9e et d\u2019une vision claire pour l\u2019avenir de l\u2019institution.<\/p>\n\n\n\n<p>Pour conclure, le D\u00e9l\u00e9gu\u00e9 g\u00e9n\u00e9ral a exhort\u00e9 l\u2019ensemble des agents \u00e0 redoubler d\u2019efforts afin de maintenir cette dynamique positive et d\u2019atteindre les objectifs fix\u00e9s. Il a r\u00e9it\u00e9r\u00e9 son engagement \u00e0 accompagner le personnel dans cette qu\u00eate d\u2019excellence.<\/p>\n\n\n\n<p>La c\u00e9r\u00e9monie s\u2019est achev\u00e9e dans une ambiance conviviale et pleine d\u2019espoir, laissant pr\u00e9sager une ann\u00e9e plac\u00e9e sous le signe de la r\u00e9ussite collective.<\/p>\n\t\t\t\t\t\t\t\t<\/div>\n\t\t\t\t<\/div>\n\t\t\t\t\t<\/div>\n\t\t<\/div>\n\t\t\t\t\t<\/div>\n\t\t<\/section>\n\t\t\t\t<section class=\"elementor-section elementor-top-section elementor-element elementor-element-93c899e elementor-section-boxed elementor-section-height-default elementor-section-height-default\" data-id=\"93c899e\" data-element_type=\"section\">\n\t\t\t\t\t\t<div class=\"elementor-container elementor-column-gap-default\">\n\t\t\t\t\t<div class=\"aux-parallax-section elementor-column elementor-col-100 elementor-top-column elementor-element elementor-element-e117746\" data-id=\"e117746\" data-element_type=\"column\">\n\t\t\t<div class=\"elementor-widget-wrap elementor-element-populated\">\n\t\t\t\t\t\t<div class=\"elementor-element elementor-element-4f6cb22 elementor-widget elementor-widget-video\" data-id=\"4f6cb22\" data-element_type=\"widget\" data-settings=\"{&quot;youtube_url&quot;:&quot;https:\\\/\\\/youtu.be\\\/1KFiTCj6Bs8&quot;,&quot;video_type&quot;:&quot;youtube&quot;,&quot;controls&quot;:&quot;yes&quot;}\" data-widget_type=\"video.default\">\n\t\t\t\t<div class=\"elementor-widget-container\">\n\t\t\t\t\t\t\t<div class=\"elementor-wrapper elementor-open-inline\">\n\t\t\t<div class=\"elementor-video\"><\/div>\t\t<\/div>\n\t\t\t\t\t\t<\/div>\n\t\t\t\t<\/div>\n\t\t\t\t\t<\/div>\n\t\t<\/div>\n\t\t\t\t\t<\/div>\n\t\t<\/section>\n\t\t\t\t<\/div>","protected":false},"excerpt":{"rendered":"<p>La rencontre a d\u00e9but\u00e9 par les salutations d\u2019usage, suivies des interventions officielles. \u00c0 travers la voix de Monsieur Ababacar Ciss\u00e9, Secr\u00e9taire g\u00e9n\u00e9ral, l\u2019ensemble des services de la DGPU a exprim\u00e9 ses v\u0153ux de sant\u00e9, de bonheur, de r\u00e9ussite et de prosp\u00e9rit\u00e9 \u00e0 l\u2019endroit du D\u00e9l\u00e9gu\u00e9 g\u00e9n\u00e9ral. Monsieur Ciss\u00e9 a tenu \u00e0 souligner le caract\u00e8re in\u00e9dit [&hellip;]<\/p>","protected":false},"author":5,"featured_media":0,"comment_status":"open","ping_status":"open","sticky":false,"template":"","format":"standard","meta":{"_monsterinsights_skip_tracking":false,"_monsterinsights_sitenote_active":false,"_monsterinsights_sitenote_note":"","_monsterinsights_sitenote_category":0,"footnotes":""},"categories":[1],"tags":[],"class_list":["post-4546","post","type-post","status-publish","format-standard","hentry","category-uncategorized"],"_links":{"self":[{"href":"https:\/\/www.dgpu.org\/en\/wp-json\/wp\/v2\/posts\/4546","targetHints":{"allow":["GET"]}}],"collection":[{"href":"https:\/\/www.dgpu.org\/en\/wp-json\/wp\/v2\/posts"}],"about":[{"href":"https:\/\/www.dgpu.org\/en\/wp-json\/wp\/v2\/types\/post"}],"author":[{"embeddable":true,"href":"https:\/\/www.dgpu.org\/en\/wp-json\/wp\/v2\/users\/5"}],"replies":[{"embeddable":true,"href":"https:\/\/www.dgpu.org\/en\/wp-json\/wp\/v2\/comments?post=4546"}],"version-history":[{"count":0,"href":"https:\/\/www.dgpu.org\/en\/wp-json\/wp\/v2\/posts\/4546\/revisions"}],"wp:attachment":[{"href":"https:\/\/www.dgpu.org\/en\/wp-json\/wp\/v2\/media?parent=4546"}],"wp:term":[{"taxonomy":"category","embeddable":true,"href":"https:\/\/www.dgpu.org\/en\/wp-json\/wp\/v2\/categories?post=4546"},{"taxonomy":"post_tag","embeddable":true,"href":"https:\/\/www.dgpu.org\/en\/wp-json\/wp\/v2\/tags?post=4546"}],"curies":[{"name":"wp","href":"https:\/\/api.w.org\/{rel}","templated":true}]}}