{"id":4541,"date":"2024-12-18T11:31:12","date_gmt":"2024-12-18T11:31:12","guid":{"rendered":"https:\/\/www.dgpu.org\/?p=4541"},"modified":"2024-12-18T12:11:08","modified_gmt":"2024-12-18T12:11:08","slug":"inauguration-de-lhotel-courtyard-de-marriot-par-son-excellence-le-president-bassirou-diomaye-diakhar-faye","status":"publish","type":"post","link":"https:\/\/www.dgpu.org\/en\/inauguration-de-lhotel-courtyard-de-marriot-par-son-excellence-le-president-bassirou-diomaye-diakhar-faye\/","title":{"rendered":"Inauguration de l&rsquo;h\u00f4tel Courtyard de Marriot par Son Excellence le Pr\u00e9sident Bassirou Diomaye Diakhar Faye"},"content":{"rendered":"<div data-elementor-type=\"wp-post\" data-elementor-id=\"4541\" class=\"elementor elementor-4541\" data-elementor-post-type=\"post\">\n\t\t\t\t\t\t<section class=\"elementor-section elementor-top-section elementor-element elementor-element-7498b5eb elementor-section-boxed elementor-section-height-default elementor-section-height-default\" data-id=\"7498b5eb\" data-element_type=\"section\">\n\t\t\t\t\t\t<div class=\"elementor-container elementor-column-gap-default\">\n\t\t\t\t\t<div class=\"aux-parallax-section elementor-column elementor-col-100 elementor-top-column elementor-element elementor-element-36461563\" data-id=\"36461563\" data-element_type=\"column\">\n\t\t\t<div class=\"elementor-widget-wrap elementor-element-populated\">\n\t\t\t\t\t\t<div class=\"elementor-element elementor-element-37afd31f elementor-widget elementor-widget-text-editor\" data-id=\"37afd31f\" data-element_type=\"widget\" data-widget_type=\"text-editor.default\">\n\t\t\t\t<div class=\"elementor-widget-container\">\n\t\t\t\t\t\t\t\t\t\n<p>Le Pr\u00e9sident de la R\u00e9publique Bassirou Diomaye Diakhar Faye a proc\u00e9d\u00e9 ce mardi 17 d\u00e9cembre \u00e0 l&rsquo;inauguration de l&rsquo;h\u00f4tel Courtyard by Marriott du groupe Summa. Le D\u00e9l\u00e9gu\u00e9 g\u00e9n\u00e9ral M.Bara Diouf a pris part \u00e0 cette c\u00e9r\u00e9monie qui apporte une nouvelle dimension \u00e0 l&rsquo;offre h\u00f4teli\u00e8re de Diamniadio. Cette belle infrastructure, situ\u00e9e dans le 2\u00e8me arrondissement du P\u00f4le Urbain de <a><\/a>Diamniadio, dot\u00e9e de 153 chambres avec des installations de derni\u00e8re g\u00e9n\u00e9ration. Elle refl\u00e8te l&rsquo;ambition de Marriot de contribuer au d\u00e9veloppement du secteur du tourisme<\/p>\n\t\t\t\t\t\t\t\t<\/div>\n\t\t\t\t<\/div>\n\t\t\t\t\t<\/div>\n\t\t<\/div>\n\t\t\t\t\t<\/div>\n\t\t<\/section>\n\t\t\t\t<section class=\"elementor-section elementor-top-section elementor-element elementor-element-aaa160d elementor-section-boxed elementor-section-height-default elementor-section-height-default\" data-id=\"aaa160d\" data-element_type=\"section\">\n\t\t\t\t\t\t<div class=\"elementor-container elementor-column-gap-default\">\n\t\t\t\t\t<div class=\"aux-parallax-section elementor-column elementor-col-100 elementor-top-column elementor-element elementor-element-903881e\" data-id=\"903881e\" data-element_type=\"column\">\n\t\t\t<div class=\"elementor-widget-wrap elementor-element-populated\">\n\t\t\t\t\t\t<div class=\"elementor-element elementor-element-ca9727d elementor-widget elementor-widget-video\" data-id=\"ca9727d\" data-element_type=\"widget\" data-settings=\"{&quot;youtube_url&quot;:&quot;https:\\\/\\\/youtu.be\\\/XVSvnvBML8I&quot;,&quot;video_type&quot;:&quot;youtube&quot;,&quot;controls&quot;:&quot;yes&quot;}\" data-widget_type=\"video.default\">\n\t\t\t\t<div class=\"elementor-widget-container\">\n\t\t\t\t\t\t\t<div class=\"elementor-wrapper elementor-open-inline\">\n\t\t\t<div class=\"elementor-video\"><\/div>\t\t<\/div>\n\t\t\t\t\t\t<\/div>\n\t\t\t\t<\/div>\n\t\t\t\t\t<\/div>\n\t\t<\/div>\n\t\t\t\t\t<\/div>\n\t\t<\/section>\n\t\t\t\t<\/div>","protected":false},"excerpt":{"rendered":"<p>Le Pr\u00e9sident de la R\u00e9publique Bassirou Diomaye Diakhar Faye a proc\u00e9d\u00e9 ce mardi 17 d\u00e9cembre \u00e0 l&rsquo;inauguration de l&rsquo;h\u00f4tel Courtyard by Marriott du groupe Summa. Le D\u00e9l\u00e9gu\u00e9 g\u00e9n\u00e9ral M.Bara Diouf a pris part \u00e0 cette c\u00e9r\u00e9monie qui apporte une nouvelle dimension \u00e0 l&rsquo;offre h\u00f4teli\u00e8re de Diamniadio. Cette belle infrastructure, situ\u00e9e dans le 2\u00e8me arrondissement du [&hellip;]<\/p>","protected":false},"author":5,"featured_media":0,"comment_status":"open","ping_status":"open","sticky":false,"template":"","format":"standard","meta":{"_monsterinsights_skip_tracking":false,"_monsterinsights_sitenote_active":false,"_monsterinsights_sitenote_note":"","_monsterinsights_sitenote_category":0,"footnotes":""},"categories":[1],"tags":[],"class_list":["post-4541","post","type-post","status-publish","format-standard","hentry","category-uncategorized"],"_links":{"self":[{"href":"https:\/\/www.dgpu.org\/en\/wp-json\/wp\/v2\/posts\/4541","targetHints":{"allow":["GET"]}}],"collection":[{"href":"https:\/\/www.dgpu.org\/en\/wp-json\/wp\/v2\/posts"}],"about":[{"href":"https:\/\/www.dgpu.org\/en\/wp-json\/wp\/v2\/types\/post"}],"author":[{"embeddable":true,"href":"https:\/\/www.dgpu.org\/en\/wp-json\/wp\/v2\/users\/5"}],"replies":[{"embeddable":true,"href":"https:\/\/www.dgpu.org\/en\/wp-json\/wp\/v2\/comments?post=4541"}],"version-history":[{"count":0,"href":"https:\/\/www.dgpu.org\/en\/wp-json\/wp\/v2\/posts\/4541\/revisions"}],"wp:attachment":[{"href":"https:\/\/www.dgpu.org\/en\/wp-json\/wp\/v2\/media?parent=4541"}],"wp:term":[{"taxonomy":"category","embeddable":true,"href":"https:\/\/www.dgpu.org\/en\/wp-json\/wp\/v2\/categories?post=4541"},{"taxonomy":"post_tag","embeddable":true,"href":"https:\/\/www.dgpu.org\/en\/wp-json\/wp\/v2\/tags?post=4541"}],"curies":[{"name":"wp","href":"https:\/\/api.w.org\/{rel}","templated":true}]}}