{"id":4144,"date":"2024-05-17T12:41:20","date_gmt":"2024-05-17T12:41:20","guid":{"rendered":"https:\/\/www.dgpu.org\/?p=4144"},"modified":"2024-05-17T12:42:28","modified_gmt":"2024-05-17T12:42:28","slug":"monsieur-bara-diouf-delegue-general-de-la-delegation-a-la-promotion-des-poles-urbains-de-diamniadio-et-du-lac-rose-dgpu-nouvellement-nomme-a-ete-officiellement-installe-dans-ses-fonctions-ce-jeudi","status":"publish","type":"post","link":"https:\/\/www.dgpu.org\/en\/monsieur-bara-diouf-delegue-general-de-la-delegation-a-la-promotion-des-poles-urbains-de-diamniadio-et-du-lac-rose-dgpu-nouvellement-nomme-a-ete-officiellement-installe-dans-ses-fonctions-ce-jeudi\/","title":{"rendered":"Monsieur Bara DIOUF, D\u00e9l\u00e9gu\u00e9 G\u00e9n\u00e9ral de la d\u00e9l\u00e9gation \u00e0 la Promotion des P\u00f4les Urbains de Diamniadio et du Lac Rose (DGPU) nouvellement nomm\u00e9, a \u00e9t\u00e9 officiellement install\u00e9 dans ses fonctions ce jeudi 16mai 2024."},"content":{"rendered":"<div data-elementor-type=\"wp-post\" data-elementor-id=\"4144\" class=\"elementor elementor-4144\" data-elementor-post-type=\"post\">\n\t\t\t\t\t\t<section class=\"elementor-section elementor-top-section elementor-element elementor-element-2830a713 elementor-section-boxed elementor-section-height-default elementor-section-height-default\" data-id=\"2830a713\" data-element_type=\"section\">\n\t\t\t\t\t\t<div class=\"elementor-container elementor-column-gap-default\">\n\t\t\t\t\t<div class=\"aux-parallax-section elementor-column elementor-col-100 elementor-top-column elementor-element elementor-element-bb31b93\" data-id=\"bb31b93\" data-element_type=\"column\">\n\t\t\t<div class=\"elementor-widget-wrap elementor-element-populated\">\n\t\t\t\t\t\t<div class=\"elementor-element elementor-element-651a2a75 elementor-widget elementor-widget-text-editor\" data-id=\"651a2a75\" data-element_type=\"widget\" data-widget_type=\"text-editor.default\">\n\t\t\t\t<div class=\"elementor-widget-container\">\n\t\t\t\t\t\t\t\t\t\n<p>Lors de la c\u00e9r\u00e9monie de passation de service, il a exprim\u00e9 son engagement en faveur d\u2019une approche participative et \u00e9quitable dans l\u2019exercice de ses responsabilit\u00e9s. Il a soulign\u00e9 son intention de <a><\/a>diriger la DGPU avec humilit\u00e9, reconnaissant le privil\u00e8ge de servir le pays \u00e0 ce niveau de responsabilit\u00e9.<\/p>\n\n\n\n<p>Monsieur Bara DIOUF a \u00e9galement \u00e9voqu\u00e9 la lourdeur de cette nouvelle fonction;<\/p>\n\n\n\n<p>Il s\u2019est engag\u00e9 \u00e0 offrir des conditions de travail optimales pour le personnel et \u00e0 promouvoir un climat de confiance, de coh\u00e9sion et de discipline.<\/p>\n\t\t\t\t\t\t\t\t<\/div>\n\t\t\t\t<\/div>\n\t\t\t\t\t<\/div>\n\t\t<\/div>\n\t\t\t\t\t<\/div>\n\t\t<\/section>\n\t\t\t\t<section class=\"elementor-section elementor-top-section elementor-element elementor-element-35e3fdc elementor-section-boxed elementor-section-height-default elementor-section-height-default\" data-id=\"35e3fdc\" data-element_type=\"section\">\n\t\t\t\t\t\t<div class=\"elementor-container elementor-column-gap-default\">\n\t\t\t\t\t<div class=\"aux-parallax-section elementor-column elementor-col-100 elementor-top-column elementor-element elementor-element-c9189bb\" data-id=\"c9189bb\" data-element_type=\"column\">\n\t\t\t<div class=\"elementor-widget-wrap elementor-element-populated\">\n\t\t\t\t\t\t<div class=\"elementor-element elementor-element-ffe8c13 elementor-widget elementor-widget-video\" data-id=\"ffe8c13\" data-element_type=\"widget\" data-settings=\"{&quot;youtube_url&quot;:&quot;https:\\\/\\\/youtu.be\\\/PJ_TzoMqco8&quot;,&quot;video_type&quot;:&quot;youtube&quot;,&quot;controls&quot;:&quot;yes&quot;}\" data-widget_type=\"video.default\">\n\t\t\t\t<div class=\"elementor-widget-container\">\n\t\t\t\t\t\t\t<div class=\"elementor-wrapper elementor-open-inline\">\n\t\t\t<div class=\"elementor-video\"><\/div>\t\t<\/div>\n\t\t\t\t\t\t<\/div>\n\t\t\t\t<\/div>\n\t\t\t\t\t<\/div>\n\t\t<\/div>\n\t\t\t\t\t<\/div>\n\t\t<\/section>\n\t\t\t\t<\/div>","protected":false},"excerpt":{"rendered":"<p>Lors de la c\u00e9r\u00e9monie de passation de service, il a exprim\u00e9 son engagement en faveur d\u2019une approche participative et \u00e9quitable dans l\u2019exercice de ses responsabilit\u00e9s. Il a soulign\u00e9 son intention de diriger la DGPU avec humilit\u00e9, reconnaissant le privil\u00e8ge de servir le pays \u00e0 ce niveau de responsabilit\u00e9. Monsieur Bara DIOUF a \u00e9galement \u00e9voqu\u00e9 la [&hellip;]<\/p>","protected":false},"author":5,"featured_media":0,"comment_status":"open","ping_status":"open","sticky":false,"template":"","format":"standard","meta":{"_monsterinsights_skip_tracking":false,"_monsterinsights_sitenote_active":false,"_monsterinsights_sitenote_note":"","_monsterinsights_sitenote_category":0,"footnotes":""},"categories":[1],"tags":[],"class_list":["post-4144","post","type-post","status-publish","format-standard","hentry","category-uncategorized"],"_links":{"self":[{"href":"https:\/\/www.dgpu.org\/en\/wp-json\/wp\/v2\/posts\/4144","targetHints":{"allow":["GET"]}}],"collection":[{"href":"https:\/\/www.dgpu.org\/en\/wp-json\/wp\/v2\/posts"}],"about":[{"href":"https:\/\/www.dgpu.org\/en\/wp-json\/wp\/v2\/types\/post"}],"author":[{"embeddable":true,"href":"https:\/\/www.dgpu.org\/en\/wp-json\/wp\/v2\/users\/5"}],"replies":[{"embeddable":true,"href":"https:\/\/www.dgpu.org\/en\/wp-json\/wp\/v2\/comments?post=4144"}],"version-history":[{"count":0,"href":"https:\/\/www.dgpu.org\/en\/wp-json\/wp\/v2\/posts\/4144\/revisions"}],"wp:attachment":[{"href":"https:\/\/www.dgpu.org\/en\/wp-json\/wp\/v2\/media?parent=4144"}],"wp:term":[{"taxonomy":"category","embeddable":true,"href":"https:\/\/www.dgpu.org\/en\/wp-json\/wp\/v2\/categories?post=4144"},{"taxonomy":"post_tag","embeddable":true,"href":"https:\/\/www.dgpu.org\/en\/wp-json\/wp\/v2\/tags?post=4144"}],"curies":[{"name":"wp","href":"https:\/\/api.w.org\/{rel}","templated":true}]}}